{"id":6485,"date":"2019-12-13T16:25:00","date_gmt":"2019-12-13T15:25:00","guid":{"rendered":"https:\/\/highest-darmstadt.de\/?p=6485"},"modified":"2025-04-03T09:37:00","modified_gmt":"2025-04-03T07:37:00","slug":"die-ideen-duerfen-nicht-in-der-schublade-bleiben","status":"publish","type":"post","link":"https:\/\/highest-darmstadt.de\/de\/news\/news\/die-ideen-duerfen-nicht-in-der-schublade-bleiben\/","title":{"rendered":"\u201eDie Ideen d\u00fcrfen nicht in der Schublade bleiben\u201c"},"content":{"rendered":"\n\n\n\n\n    <section id=\"text-default-block-block_62655e1c410cc\" class=\"container-fluid text-default text-default-block\">\n        <div class=\"inner-container\">\n            <div class=\"container-fluid\">\n                <div class=\"container\">\n                    <div class=\"row\">\n                        <div class=\"col col-sm-10 offset-sm-1 offset-lg-2 col-lg-8\">\n\n                            \n                                \n                                \n                                \n                                    \n                                    <div class=\"row text-wrapper container-69f50d6e36485\">\n\n                                        \n                                            \n                                            \n                                            \n                                                                                                                                                                                                <div class=\"col text\">\n                                                        <p>Mehr als 90 Aussteller pr\u00e4sentierten ihre Ideen und sich auf der Messe des Startup &amp; Innovation Days und kn\u00fcpften wertvolle Kontakte \u2013 darunter fr\u00fchere Innovationprojekte der TU Darmstadt, EXIST-gef\u00f6rderte Startups, die noch am Anfang stehen und auch solche, die sich bereits etabliert haben. Darunter war auch NanoWired \u2013 das Startup, das sich neben drei anderen vor der Jury im Tech Pitch pr\u00e4sentieren und sich als Sieger \u00fcber ein Coaching bei Freigeist Capital freuen durfte. In der Tech-Pitch-Jury sa\u00dfen Frank Thelen von Freigeist Capital und Deep-Tech-Seed-Investor, Andr\u00e9 Schw\u00e4mmlein, CEO und Mitgr\u00fcnder der FlixMobility GmbH, und Thorsten Dittmer, Founder &amp; CEO der polypoly GmbH.<\/p>\n                                                    <\/div>\n                                                                                            \n                                            \n                                        \n                                    <\/div>\n\n                                \n                                \n                            \n                        <\/div>\n                    <\/div>\n                <\/div>\n            <\/div>\n        <\/div>\n    <\/section>\n\n\n\n\n<section id=\"quote-slider-block-block_62655e2e410cf\" class=\"quote-slider quote-slider-block\">\n    <div class=\"container-fluid outer\">\n        <div class=\"inner-container\">\n            <div class=\"container-fluid\">\n                <div class=\"main-content quote-slider-container\">\n\n                                                                        <div class=\"slide\">\n                                <div class=\"row\">\n                                    <div class=\"col\">\n                                        <div class=\"quote-slider-upper-container \">\n                                            <div class=\"main-content\">\n                                                                                                                                                    <div class=\"row\">\n                                                        <div class=\"col-12 col-lg-9\">\n                                                            <h2> Das ist \u201eGr\u00fcndungspower pur\u201c, freute sich Vizepr\u00e4sidentin Mira Mezini. <\/h2>\n                                                        <\/div>\n                                                        <div class=\"col-12 col-lg-3\">\n                                                            <span class=\"icon icon-quote\"><\/span>\n                                                        <\/div>\n                                                    <\/div>\n                                                                                            <\/div>\n                                        <\/div>\n                                    <\/div>\n                                <\/div>\n                            <\/div>\n                                            \n                <\/div>\n\n                <div class=\"main-content\">\n                    <div class=\"row\">\n                        <div class=\"col-12 custom-arrows\">\n                            <div class=\"pagination-info\">\n                                <a class=\"more prev-arrow\">\n                                    <span class=\"icon icon-arrow white\"><\/span>\n                                <\/a>\n                                <span class=\"pagination-info-pages\"><\/span>\n                                <a class=\"more next-arrow\">\n                                    <span class=\"icon icon-arrow white\"><\/span>\n                                <\/a>\n                            <\/div>\n                        <\/div>\n                    <\/div>\n                <\/div>\n\n            <\/div>\n        <\/div>\n    <\/div>\n<\/section>\n\n\n\n\n    <section id=\"text-default-block-block_62655e3d410d1\" class=\"container-fluid text-default text-default-block\">\n        <div class=\"inner-container\">\n            <div class=\"container-fluid\">\n                <div class=\"container\">\n                    <div class=\"row\">\n                        <div class=\"col col-sm-10 offset-sm-1 offset-lg-2 col-lg-8\">\n\n                            \n                                \n                                \n                                \n                                    \n                                    <div class=\"row text-wrapper container-69f50d6e37ffd\">\n\n                                        \n                                            \n                                            \n                                            \n                                                                                                                                                                                                <div class=\"col text\">\n                                                        <p class=\"sans-body running-text\">Je f\u00fcnf Teams hatten es in den Kategorien \u201eStudierende\u201c und \u201eWissenschaftler\u201c bis ins Finale des <a class=\"link\" title=\"TU-Ideenwettbewerbs\" href=\"https:\/\/www.highest.tu-darmstadt.de\/highest_veranstaltungen\/ideenwettbewerb_1\/ideenwettbewerb_2018\/infos_zum_wettbewerb\/infos_zum_wettbewerb.de.jsp\" target=\"_blank\" rel=\"noopener\">TU-Ideenwettbewerbs<\/a> geschafft und durften im 1-Minuten-Pitch ihre Ideen vorstellen. Eine Jury aus Wissenschafts- und Wirtschaftsvertretern ermittelte die Sieger. In der Kategorie Studierende ging der 1. Platz an das Team \u201eWriteForMe\u201c. Auf Platz zwei und drei schlossen sich \u201eKaiparaAdVRenture\u201c und \u201eNeSPA\u201c an. In der Kategorie Wissenschaftler durfte sich das Team \u201eSooqua\u201c \u00fcber den 1. Platz freuen. \u201ePerun\u201c und \u201eCaliberation\u201c belegten die Pl\u00e4tze zwei und drei.<\/p>\n<p class=\"sans-body running-text\">TU-Vizepr\u00e4sidentin Mira Mezini verlieh zudem Professor Andreas Oetting f\u00fcr sein Engagement den diesj\u00e4hrigen Athene-Preis f\u00fcr Wissens- und Technologietransfer. Sie betonte, wie wichtig es sei, dass die fantastischen Ideen der Studierenden und Forschenden nicht in der Schublade liegen blieben.<\/p>\n<p class=\"sans-body running-text\">Eingerahmt wurde die Preisverleihung des TU-Ideenwettbewerbs von zwei Keynotes von Andr\u00e9 Schw\u00e4mmlein und Frank Thelen, die den jungen Gr\u00fcnderinnen und Gr\u00fcndern inspirierende Worte mit auf den Weg gaben: \u201eHabt Mut, gro\u00df zu denken und anzupacken.\u201c<\/p>\n<p class=\"sans-body running-text\"><em>Melanie Minderjahn\/mho<\/em><\/p>\n                                                    <\/div>\n                                                                                            \n                                            \n                                        \n                                    <\/div>\n\n                                \n                                \n                            \n                        <\/div>\n                    <\/div>\n                <\/div>\n            <\/div>\n        <\/div>\n    <\/section>\n\n","protected":false},"excerpt":{"rendered":"<p>Volles Haus beim 4. Darmst\u00e4dter Startup &#038; Innovation Day. Rund 1.000 G\u00e4ste aus Wissenschaft, Wirtschaft und Politik kamen am 12. Dezember zum Darmst\u00e4dter Startup &#038; Innovation Day im Kongresszentrum darmstadtium zusammen. Neben der Gr\u00fcndermesse mit \u00fcber 90 Startups wurden der Preis zum TU-Ideenwettbewerb und der Athene-Preis f\u00fcr Wissens- und Technologietransfer verliehen sowie der Sieger des Tech Pitchs ausgezeichnet.<\/p>\n","protected":false},"author":6,"featured_media":6486,"comment_status":"closed","ping_status":"closed","sticky":false,"template":"","format":"standard","meta":{"_acf_changed":false,"inline_featured_image":false,"footnotes":""},"categories":[375],"tags":[],"class_list":["post-6485","post","type-post","status-publish","format-standard","has-post-thumbnail","hentry","category-news"],"acf":[],"_links":{"self":[{"href":"https:\/\/highest-darmstadt.de\/de\/wp-json\/wp\/v2\/posts\/6485","targetHints":{"allow":["GET"]}}],"collection":[{"href":"https:\/\/highest-darmstadt.de\/de\/wp-json\/wp\/v2\/posts"}],"about":[{"href":"https:\/\/highest-darmstadt.de\/de\/wp-json\/wp\/v2\/types\/post"}],"author":[{"embeddable":true,"href":"https:\/\/highest-darmstadt.de\/de\/wp-json\/wp\/v2\/users\/6"}],"replies":[{"embeddable":true,"href":"https:\/\/highest-darmstadt.de\/de\/wp-json\/wp\/v2\/comments?post=6485"}],"version-history":[{"count":6,"href":"https:\/\/highest-darmstadt.de\/de\/wp-json\/wp\/v2\/posts\/6485\/revisions"}],"predecessor-version":[{"id":9057,"href":"https:\/\/highest-darmstadt.de\/de\/wp-json\/wp\/v2\/posts\/6485\/revisions\/9057"}],"wp:featuredmedia":[{"embeddable":true,"href":"https:\/\/highest-darmstadt.de\/de\/wp-json\/wp\/v2\/media\/6486"}],"wp:attachment":[{"href":"https:\/\/highest-darmstadt.de\/de\/wp-json\/wp\/v2\/media?parent=6485"}],"wp:term":[{"taxonomy":"category","embeddable":true,"href":"https:\/\/highest-darmstadt.de\/de\/wp-json\/wp\/v2\/categories?post=6485"},{"taxonomy":"post_tag","embeddable":true,"href":"https:\/\/highest-darmstadt.de\/de\/wp-json\/wp\/v2\/tags?post=6485"}],"curies":[{"name":"wp","href":"https:\/\/api.w.org\/{rel}","templated":true}]}}