{"id":12853,"date":"2017-10-01T22:36:00","date_gmt":"2017-10-01T20:36:00","guid":{"rendered":"https:\/\/highest-darmstadt.de\/news\/uncategorized\/poolregler-fuer-ein-virtuelles-kraftwerk\/"},"modified":"2022-11-17T17:22:29","modified_gmt":"2022-11-17T16:22:29","slug":"poolregler-fuer-ein-virtuelles-kraftwerk","status":"publish","type":"post","link":"https:\/\/highest-darmstadt.de\/en\/news\/sucess-story-en\/poolregler-fuer-ein-virtuelles-kraftwerk\/","title":{"rendered":"Pool controller for a virtual power plant"},"content":{"rendered":"\n\n\n\n\n\n\n<p><\/p>\n\n\n\n\n<section id=\"video-image-slider-block-block_624f4a8650bc0\" class=\"container-fluid img-video video-image-slider-block\">\n    <div class=\"inner-container\">\n        <div class=\"container-fluid\">\n            <div class=\"container\">\n\n                \n                \n                    <div class=\"row  slide-container\">\n                        <div class=\"col  slider-video\">\n\n                                                                                                                    \n                            \n                                                                    <div class=\"slide\">\n                                        <div class=\"row\">\n                                            <div class=\"col slide-content\">\n                                                <div class=\"row media-wrapper\">\n                                                    <div class=\"col media-content\">\n                                                        <a class=\"open-popup image \" href=\"https:\/\/highest-darmstadt.de\/wp-content\/uploads\/2022\/04\/IMG_1710_870x0.jpeg\" title=\"Projekt Kick-Off 2017. Personen: (v.r.n.l.): M. Sc. Thomas Weber (Projektkoordinator), M. Sc. Robert Heitzmann (Innovationsmanager der TU Darmstadt, Pioneer Fund).\">\n                                                                                                                                                                                        <img decoding=\"async\" class=\"slider-image\" loading=\"lazy\" src=\"https:\/\/highest-darmstadt.de\/wp-content\/uploads\/2022\/04\/IMG_1710_870x0.jpeg\" alt=\"Projekt Kick-Off 2017. Personen: (v.r.n.l.): M. Sc. Thomas Weber (Projektkoordinator), M. Sc. Robert Heitzmann (Innovationsmanager der TU Darmstadt, Pioneer Fund).\">\n                                                                                                                    <\/a>\n                                                    <\/div>\n                                                <\/div>\n                                            <\/div>\n                                        <\/div>\n                                                                                    <div class=\"row description-wrapper\">\n                                                <div class=\"col-10 col-lg-12 description-content\">\n                                                    <p>\n                                                        Projekt Kick-Off 2017. Personen: (v.r.n.l.): M. Sc. Thomas Weber (Projektkoordinator), M. Sc. Robert Heitzmann (Innovationsmanager der TU Darmstadt, Pioneer Fund).                                                    <\/p>\n                                                <\/div>\n                                            <\/div>\n                                                                            <\/div>\n                                \n                            \n                        <\/div>\n\n                        \n                    <\/div>\n\n                \n            <\/div>\n        <\/div>\n    <\/div>\n<\/section>\n\n\n\n\n\n\n<p><\/p>\n\n\n\n\n<section id=\"video-image-slider-block-block_624f4abf50bc2\" class=\"container-fluid img-video video-image-slider-block\">\n    <div class=\"inner-container\">\n        <div class=\"container-fluid\">\n            <div class=\"container\">\n\n                \n                \n                    <div class=\"row  slide-container\">\n                        <div class=\"col  slider-video\">\n\n                                                                                                                    \n                            \n                                                                    <div class=\"slide\">\n                                        <div class=\"row\">\n                                            <div class=\"col slide-content\">\n                                                <div class=\"row media-wrapper\">\n                                                    <div class=\"col media-content\">\n                                                        <a class=\"open-popup image \" href=\"https:\/\/highest-darmstadt.de\/wp-content\/uploads\/2017\/10\/poolregler-zugeschnitten.jpg\" title=\"Der Anlagenpool wird \u00fcber den Poolregler als zentrale Instanz (in der Grafik dargestellt als ETA-Fabrik) koordiniert gesteuert.\">\n                                                                                                                                                                                        <img decoding=\"async\" class=\"slider-image\" loading=\"lazy\" src=\"https:\/\/highest-darmstadt.de\/wp-content\/uploads\/2017\/10\/poolregler-zugeschnitten.jpg\" alt=\"poolregler-zugeschnitten\">\n                                                                                                                    <\/a>\n                                                    <\/div>\n                                                <\/div>\n                                            <\/div>\n                                        <\/div>\n                                                                                    <div class=\"row description-wrapper\">\n                                                <div class=\"col-10 col-lg-12 description-content\">\n                                                    <p>\n                                                        Der Anlagenpool wird \u00fcber den Poolregler als zentrale Instanz (in der Grafik dargestellt als ETA-Fabrik) koordiniert gesteuert.                                                    <\/p>\n                                                <\/div>\n                                            <\/div>\n                                                                            <\/div>\n                                \n                            \n                        <\/div>\n\n                        \n                    <\/div>\n\n                \n            <\/div>\n        <\/div>\n    <\/div>\n<\/section>\n\n\n\n\n\n\n\n            \n        <section class=\"container-fluid teaser teaser-text-img-left  \">\n            <div class=\"inner-container shorten\">\n                <div class=\"container-fluid teaser-content\">\n                    <div class=\"main-content\">\n                        <div class=\"row content\">\n                                                            <div class=\"col col-lg-6 image-wrapper  col-xxl-5\">\n                                    <img decoding=\"async\" loading=\"lazy\" class=\"teaser-image\" src=\"https:\/\/highest-darmstadt.de\/wp-content\/uploads\/2022\/04\/Weber_web_182x0_0x415.jpeg\" alt=\"Weber\">\n                                <\/div>\n                                                        <div class=\"col col-lg-6 text-content col-xxl-6 offset-xxl-1\">\n                                                                                                    <div class=\"text-wrapper\">\n                                        <p><strong>M.Sc. Thomas Weber<\/strong><\/p>\n<p>&nbsp;<\/p>\n<p>Kontakt:<\/p>\n<p><a href=\"mailto:weber@ptw.tu-darmstadt.de\">weber@ptw.tu-darmstadt.de<\/a><\/p>\n<p><a href=\"tel:+4961511626054\">+49 6151 16-26054<\/a><\/p>\n<p>L1|11 203<\/p>\n                                    <\/div>\n                                                                                                                            <\/div>\n                        <\/div>\n                    <\/div>\n                <\/div>\n            <\/div>\n        <\/section>\n\n    \n","protected":false},"excerpt":{"rendered":"<p>Im Zuge der Energiewende nimmt der Anteil dezentraler, volatil einspeisender Anlagen an der Gesamtstromerzeugung immer st\u00e4rker zu, w\u00e4hrend gleichzeitig immer mehr gro\u00dfe regelbare konventionelle Anlagen stillgelegt werden. Da zur Stabilit\u00e4t des Stromsystems Erzeugung und Verbrauch elektrischer Energie stets im Gleichgewicht sein m\u00fcssen, werden in Zukunft auch kleinere dezentrale bzw. in ihrer Regelbarkeit eingeschr\u00e4nkte Anlagen Systemverantwortung \u00fcbernehmen m\u00fcssen.<\/p>\n","protected":false},"author":6,"featured_media":5974,"comment_status":"closed","ping_status":"closed","sticky":false,"template":"","format":"standard","meta":{"_acf_changed":false,"inline_featured_image":false,"footnotes":""},"categories":[540],"tags":[],"class_list":["post-12853","post","type-post","status-publish","format-standard","has-post-thumbnail","hentry","category-sucess-story-en"],"acf":[],"_links":{"self":[{"href":"https:\/\/highest-darmstadt.de\/en\/wp-json\/wp\/v2\/posts\/12853","targetHints":{"allow":["GET"]}}],"collection":[{"href":"https:\/\/highest-darmstadt.de\/en\/wp-json\/wp\/v2\/posts"}],"about":[{"href":"https:\/\/highest-darmstadt.de\/en\/wp-json\/wp\/v2\/types\/post"}],"author":[{"embeddable":true,"href":"https:\/\/highest-darmstadt.de\/en\/wp-json\/wp\/v2\/users\/6"}],"replies":[{"embeddable":true,"href":"https:\/\/highest-darmstadt.de\/en\/wp-json\/wp\/v2\/comments?post=12853"}],"version-history":[{"count":4,"href":"https:\/\/highest-darmstadt.de\/en\/wp-json\/wp\/v2\/posts\/12853\/revisions"}],"predecessor-version":[{"id":12894,"href":"https:\/\/highest-darmstadt.de\/en\/wp-json\/wp\/v2\/posts\/12853\/revisions\/12894"}],"wp:featuredmedia":[{"embeddable":true,"href":"https:\/\/highest-darmstadt.de\/en\/wp-json\/wp\/v2\/media\/5974"}],"wp:attachment":[{"href":"https:\/\/highest-darmstadt.de\/en\/wp-json\/wp\/v2\/media?parent=12853"}],"wp:term":[{"taxonomy":"category","embeddable":true,"href":"https:\/\/highest-darmstadt.de\/en\/wp-json\/wp\/v2\/categories?post=12853"},{"taxonomy":"post_tag","embeddable":true,"href":"https:\/\/highest-darmstadt.de\/en\/wp-json\/wp\/v2\/tags?post=12853"}],"curies":[{"name":"wp","href":"https:\/\/api.w.org\/{rel}","templated":true}]}}